{"id":5051,"date":"2025-11-25T19:07:04","date_gmt":"2025-11-25T17:07:04","guid":{"rendered":"https:\/\/centredeyoga-lyon-jean-mace.org\/?p=5051"},"modified":"2025-11-25T19:24:38","modified_gmt":"2025-11-25T17:24:38","slug":"pas-assez-souple-pour-le-yoga-detrompez-vous","status":"publish","type":"post","link":"https:\/\/centredeyoga-lyon-jean-mace.org\/index.php\/2025\/11\/25\/pas-assez-souple-pour-le-yoga-detrompez-vous\/","title":{"rendered":"Pas assez souple pour le yoga? D\u00e9trompez-vous!"},"content":{"rendered":"\n<p>\u00ab Je ne suis pas souple \u00bb, \u00ab Trop vieux pour \u00e7a \u00bb, \u00ab Le yoga, ce n&rsquo;est pas pour moi \u00bb\u2026<br>Autant d&rsquo;<strong>id\u00e9es re\u00e7ues<\/strong> qui \u00e9loignent de nombreuses personnes d&rsquo;une pratique pourtant salutaire.<br>Et si nous changions de regard ?<\/p>\n\n\n\n<!--more Lire la suite-->\n\n\n\n<h3 class=\"wp-block-heading\">Qui peut pratiquer ? Tout le monde !<\/h3>\n\n\n\n<p>Chacun peut trouver sa place dans nos s\u00e9ances collectives.<br>&#8211; <strong>les d\u00e9butants de tous \u00e2ges<\/strong> qui appr\u00e9hendent leur premi\u00e8re s\u00e9ance<br>&#8211; <strong>les seniors<\/strong> souhaitant entretenir leur mobilit\u00e9<br>&#8211; <strong>les enseignants<\/strong> et <strong>parents <\/strong>cherchant \u00e0 \u00e9vacuer le stress<br>&#8211; etc.<\/p>\n\n\n\n<h3 class=\"wp-block-heading\">Le yoga s\u2019adapte \u00e0 la personne, et non l\u2019inverse !<\/h3>\n\n\n\n<p>Dans notre pratique (<a href=\"https:\/\/www.ify.fr\/\" target=\"_blank\" rel=\"noreferrer noopener\">yoga de l&rsquo;IFY<\/a>), le yoga est par d\u00e9finition adapt\u00e9 (voir <a href=\"https:\/\/centredeyoga-lyon-jean-mace.org\/index.php\/le-yoga-pratique-et-effets\/yoga-adapte-chaise-prevention-sante\/\">notre page \u00e0 ce sujet<\/a>). Chacun.e pratique ce qui est bon pour elle ou lui : c&rsquo;est \u00e0 l&rsquo;enseignement de s&rsquo;adapter \u00e0 la personne, et non l&rsquo;inverse. Nous utilisons une progression graduelle, sans douleur. Le respect est le premier principe du yoga \u00e0 appliquer.<\/p>\n\n\n\n<h3 class=\"wp-block-heading\">Une action de pr\u00e9vention sant\u00e9 !<\/h3>\n\n\n\n<p>Sp\u00e9cialement con\u00e7u pour les d\u00e9butants et les personnes cherchant une pratique douce, nos cours en petits groupes (8 personnes maximum) permettent un accompagnement personnalis\u00e9. Les personnes en pleine forme y trouveront \u00e9galement des outils pour pr\u00e9venir les soucis de sant\u00e9.<\/p>\n\n\n\n<p>Envie d&rsquo;essayer? Un essai n&rsquo;engage \u00e0 rien!<\/p>\n\n\n\n<p class=\"has-text-align-center\"><a href=\"https:\/\/centredeyoga-lyon-jean-mace.org\/index.php\/intervenants\/damien-afonso\/\">Damien Afonso<\/a><\/p>\n\n\n\n<p>Damien guide des <a href=\"https:\/\/centredeyoga-lyon-jean-mace.org\/index.php\/cours\/cours-hebdomadaires-yoga-pilates-sophrologie-lyon-7\/\">s\u00e9ances au Centre les mercredis \u00e0 16h<\/a><\/p>\n","protected":false},"excerpt":{"rendered":"<p>\u00ab Je ne suis pas souple \u00bb, \u00ab Trop vieux pour \u00e7a \u00bb, \u00ab Le yoga, ce n&rsquo;est pas pour moi \u00bb\u2026Autant d&rsquo;id\u00e9es re\u00e7ues qui \u00e9loignent de nombreuses personnes d&rsquo;une pratique pourtant salutaire.Et si nous changions de regard ?<\/p>\n","protected":false},"author":3,"featured_media":4887,"comment_status":"closed","ping_status":"open","sticky":false,"template":"","format":"standard","meta":{"_monsterinsights_skip_tracking":false,"_monsterinsights_sitenote_active":false,"_monsterinsights_sitenote_note":"","_monsterinsights_sitenote_category":0,"footnotes":""},"categories":[11],"tags":[48,75,44,28,13],"class_list":["post-5051","post","type-post","status-publish","format-standard","has-post-thumbnail","hentry","category-articles","tag-dos","tag-respect","tag-sante","tag-souffrance","tag-yoga","clear"],"yoast_head":"<!-- This site is optimized with the Yoast SEO plugin v27.5 - https:\/\/yoast.com\/product\/yoast-seo-wordpress\/ -->\n<title>Pas assez souple pour le yoga? D\u00e9trompez-vous! - Centre de Yoga Lyon Jean Mac\u00e9<\/title>\n<meta name=\"description\" content=\"Id\u00e9es re\u00e7ues sur le yoga : &quot;Je ne suis pas assez souple&quot;, &quot;Trop vieux pour \u00e7a&quot;... D\u00e9trompez-vous : et si nous changions de regard ?\" \/>\n<meta name=\"robots\" content=\"index, follow, max-snippet:-1, max-image-preview:large, max-video-preview:-1\" \/>\n<link rel=\"canonical\" href=\"https:\/\/centredeyoga-lyon-jean-mace.org\/index.php\/2025\/11\/25\/pas-assez-souple-pour-le-yoga-detrompez-vous\/\" \/>\n<meta property=\"og:locale\" content=\"fr_FR\" \/>\n<meta property=\"og:type\" content=\"article\" \/>\n<meta property=\"og:title\" content=\"Pas assez souple pour le yoga? D\u00e9trompez-vous! - Centre de Yoga Lyon Jean Mac\u00e9\" \/>\n<meta property=\"og:description\" content=\"Id\u00e9es re\u00e7ues sur le yoga : &quot;Je ne suis pas assez souple&quot;, &quot;Trop vieux pour \u00e7a&quot;... D\u00e9trompez-vous : et si nous changions de regard ?\" \/>\n<meta property=\"og:url\" content=\"https:\/\/centredeyoga-lyon-jean-mace.org\/index.php\/2025\/11\/25\/pas-assez-souple-pour-le-yoga-detrompez-vous\/\" \/>\n<meta property=\"og:site_name\" content=\"Centre de Yoga Lyon Jean Mac\u00e9\" \/>\n<meta property=\"article:publisher\" content=\"https:\/\/www.facebook.com\/CentredeYogaLyonJeanMace\" \/>\n<meta property=\"article:published_time\" content=\"2025-11-25T17:07:04+00:00\" \/>\n<meta property=\"article:modified_time\" content=\"2025-11-25T17:24:38+00:00\" \/>\n<meta property=\"og:image\" content=\"https:\/\/centredeyoga-lyon-jean-mace.org\/wp-content\/uploads\/2025\/11\/Haut-de-page-19.jpg\" \/>\n\t<meta property=\"og:image:width\" content=\"1061\" \/>\n\t<meta property=\"og:image:height\" content=\"329\" \/>\n\t<meta property=\"og:image:type\" content=\"image\/jpeg\" \/>\n<meta name=\"author\" content=\"Laurent SIMON\" \/>\n<meta name=\"twitter:card\" content=\"summary_large_image\" \/>\n<meta name=\"twitter:label1\" content=\"\u00c9crit par\" \/>\n\t<meta name=\"twitter:data1\" content=\"Laurent SIMON\" \/>\n\t<meta name=\"twitter:label2\" content=\"Dur\u00e9e de lecture estim\u00e9e\" \/>\n\t<meta name=\"twitter:data2\" content=\"2 minutes\" \/>\n<script type=\"application\/ld+json\" class=\"yoast-schema-graph\">{\"@context\":\"https:\\\/\\\/schema.org\",\"@graph\":[{\"@type\":\"Article\",\"@id\":\"https:\\\/\\\/centredeyoga-lyon-jean-mace.org\\\/index.php\\\/2025\\\/11\\\/25\\\/pas-assez-souple-pour-le-yoga-detrompez-vous\\\/#article\",\"isPartOf\":{\"@id\":\"https:\\\/\\\/centredeyoga-lyon-jean-mace.org\\\/index.php\\\/2025\\\/11\\\/25\\\/pas-assez-souple-pour-le-yoga-detrompez-vous\\\/\"},\"author\":{\"name\":\"Laurent SIMON\",\"@id\":\"https:\\\/\\\/centredeyoga-lyon-jean-mace.org\\\/#\\\/schema\\\/person\\\/d39e8ef1e435cae4668bb00f436d79ed\"},\"headline\":\"Pas assez souple pour le yoga? D\u00e9trompez-vous!\",\"datePublished\":\"2025-11-25T17:07:04+00:00\",\"dateModified\":\"2025-11-25T17:24:38+00:00\",\"mainEntityOfPage\":{\"@id\":\"https:\\\/\\\/centredeyoga-lyon-jean-mace.org\\\/index.php\\\/2025\\\/11\\\/25\\\/pas-assez-souple-pour-le-yoga-detrompez-vous\\\/\"},\"wordCount\":232,\"publisher\":{\"@id\":\"https:\\\/\\\/centredeyoga-lyon-jean-mace.org\\\/#organization\"},\"image\":{\"@id\":\"https:\\\/\\\/centredeyoga-lyon-jean-mace.org\\\/index.php\\\/2025\\\/11\\\/25\\\/pas-assez-souple-pour-le-yoga-detrompez-vous\\\/#primaryimage\"},\"thumbnailUrl\":\"https:\\\/\\\/centredeyoga-lyon-jean-mace.org\\\/wp-content\\\/uploads\\\/2025\\\/11\\\/Haut-de-page-19.jpg\",\"keywords\":[\"Dos\",\"Respect\",\"Sant\u00e9\",\"Souffrance\",\"Yoga\"],\"articleSection\":[\"Articles\"],\"inLanguage\":\"fr-FR\"},{\"@type\":\"WebPage\",\"@id\":\"https:\\\/\\\/centredeyoga-lyon-jean-mace.org\\\/index.php\\\/2025\\\/11\\\/25\\\/pas-assez-souple-pour-le-yoga-detrompez-vous\\\/\",\"url\":\"https:\\\/\\\/centredeyoga-lyon-jean-mace.org\\\/index.php\\\/2025\\\/11\\\/25\\\/pas-assez-souple-pour-le-yoga-detrompez-vous\\\/\",\"name\":\"Pas assez souple pour le yoga? D\u00e9trompez-vous! - Centre de Yoga Lyon Jean Mac\u00e9\",\"isPartOf\":{\"@id\":\"https:\\\/\\\/centredeyoga-lyon-jean-mace.org\\\/#website\"},\"primaryImageOfPage\":{\"@id\":\"https:\\\/\\\/centredeyoga-lyon-jean-mace.org\\\/index.php\\\/2025\\\/11\\\/25\\\/pas-assez-souple-pour-le-yoga-detrompez-vous\\\/#primaryimage\"},\"image\":{\"@id\":\"https:\\\/\\\/centredeyoga-lyon-jean-mace.org\\\/index.php\\\/2025\\\/11\\\/25\\\/pas-assez-souple-pour-le-yoga-detrompez-vous\\\/#primaryimage\"},\"thumbnailUrl\":\"https:\\\/\\\/centredeyoga-lyon-jean-mace.org\\\/wp-content\\\/uploads\\\/2025\\\/11\\\/Haut-de-page-19.jpg\",\"datePublished\":\"2025-11-25T17:07:04+00:00\",\"dateModified\":\"2025-11-25T17:24:38+00:00\",\"description\":\"Id\u00e9es re\u00e7ues sur le yoga : \\\"Je ne suis pas assez souple\\\", \\\"Trop vieux pour \u00e7a\\\"... D\u00e9trompez-vous : et si nous changions de regard ?\",\"breadcrumb\":{\"@id\":\"https:\\\/\\\/centredeyoga-lyon-jean-mace.org\\\/index.php\\\/2025\\\/11\\\/25\\\/pas-assez-souple-pour-le-yoga-detrompez-vous\\\/#breadcrumb\"},\"inLanguage\":\"fr-FR\",\"potentialAction\":[{\"@type\":\"ReadAction\",\"target\":[\"https:\\\/\\\/centredeyoga-lyon-jean-mace.org\\\/index.php\\\/2025\\\/11\\\/25\\\/pas-assez-souple-pour-le-yoga-detrompez-vous\\\/\"]}]},{\"@type\":\"ImageObject\",\"inLanguage\":\"fr-FR\",\"@id\":\"https:\\\/\\\/centredeyoga-lyon-jean-mace.org\\\/index.php\\\/2025\\\/11\\\/25\\\/pas-assez-souple-pour-le-yoga-detrompez-vous\\\/#primaryimage\",\"url\":\"https:\\\/\\\/centredeyoga-lyon-jean-mace.org\\\/wp-content\\\/uploads\\\/2025\\\/11\\\/Haut-de-page-19.jpg\",\"contentUrl\":\"https:\\\/\\\/centredeyoga-lyon-jean-mace.org\\\/wp-content\\\/uploads\\\/2025\\\/11\\\/Haut-de-page-19.jpg\",\"width\":1061,\"height\":329},{\"@type\":\"BreadcrumbList\",\"@id\":\"https:\\\/\\\/centredeyoga-lyon-jean-mace.org\\\/index.php\\\/2025\\\/11\\\/25\\\/pas-assez-souple-pour-le-yoga-detrompez-vous\\\/#breadcrumb\",\"itemListElement\":[{\"@type\":\"ListItem\",\"position\":1,\"name\":\"Accueil\",\"item\":\"https:\\\/\\\/centredeyoga-lyon-jean-mace.org\\\/\"},{\"@type\":\"ListItem\",\"position\":2,\"name\":\"Pas assez souple pour le yoga? D\u00e9trompez-vous!\"}]},{\"@type\":\"WebSite\",\"@id\":\"https:\\\/\\\/centredeyoga-lyon-jean-mace.org\\\/#website\",\"url\":\"https:\\\/\\\/centredeyoga-lyon-jean-mace.org\\\/\",\"name\":\"Centre de yoga Lyon Jean Mac\u00e9\",\"description\":\"Une salle de Yoga au coeur de Lyon\",\"publisher\":{\"@id\":\"https:\\\/\\\/centredeyoga-lyon-jean-mace.org\\\/#organization\"},\"potentialAction\":[{\"@type\":\"SearchAction\",\"target\":{\"@type\":\"EntryPoint\",\"urlTemplate\":\"https:\\\/\\\/centredeyoga-lyon-jean-mace.org\\\/?s={search_term_string}\"},\"query-input\":{\"@type\":\"PropertyValueSpecification\",\"valueRequired\":true,\"valueName\":\"search_term_string\"}}],\"inLanguage\":\"fr-FR\"},{\"@type\":\"Organization\",\"@id\":\"https:\\\/\\\/centredeyoga-lyon-jean-mace.org\\\/#organization\",\"name\":\"Centre de yoga Lyon Jean Mac\u00e9\",\"url\":\"https:\\\/\\\/centredeyoga-lyon-jean-mace.org\\\/\",\"logo\":{\"@type\":\"ImageObject\",\"inLanguage\":\"fr-FR\",\"@id\":\"https:\\\/\\\/centredeyoga-lyon-jean-mace.org\\\/#\\\/schema\\\/logo\\\/image\\\/\",\"url\":\"https:\\\/\\\/centredeyoga-lyon-jean-mace.org\\\/wp-content\\\/uploads\\\/2021\\\/06\\\/Logo-Centre-yoga-LJM-web.png\",\"contentUrl\":\"https:\\\/\\\/centredeyoga-lyon-jean-mace.org\\\/wp-content\\\/uploads\\\/2021\\\/06\\\/Logo-Centre-yoga-LJM-web.png\",\"width\":500,\"height\":520,\"caption\":\"Centre de yoga Lyon Jean Mac\u00e9\"},\"image\":{\"@id\":\"https:\\\/\\\/centredeyoga-lyon-jean-mace.org\\\/#\\\/schema\\\/logo\\\/image\\\/\"},\"sameAs\":[\"https:\\\/\\\/www.facebook.com\\\/CentredeYogaLyonJeanMace\",\"https:\\\/\\\/www.instagram.com\\\/centredeyogalyonjeanmace\\\/\"]},{\"@type\":\"Person\",\"@id\":\"https:\\\/\\\/centredeyoga-lyon-jean-mace.org\\\/#\\\/schema\\\/person\\\/d39e8ef1e435cae4668bb00f436d79ed\",\"name\":\"Laurent SIMON\",\"image\":{\"@type\":\"ImageObject\",\"inLanguage\":\"fr-FR\",\"@id\":\"https:\\\/\\\/secure.gravatar.com\\\/avatar\\\/25ce09dc0d7fec4e7e8ea2846a6f25ba6b83b7972459f3732169f326bdc010e1?s=96&d=blank&r=g\",\"url\":\"https:\\\/\\\/secure.gravatar.com\\\/avatar\\\/25ce09dc0d7fec4e7e8ea2846a6f25ba6b83b7972459f3732169f326bdc010e1?s=96&d=blank&r=g\",\"contentUrl\":\"https:\\\/\\\/secure.gravatar.com\\\/avatar\\\/25ce09dc0d7fec4e7e8ea2846a6f25ba6b83b7972459f3732169f326bdc010e1?s=96&d=blank&r=g\",\"caption\":\"Laurent SIMON\"}}]}<\/script>\n<!-- \/ Yoast SEO plugin. -->","yoast_head_json":{"title":"Pas assez souple pour le yoga? D\u00e9trompez-vous! - Centre de Yoga Lyon Jean Mac\u00e9","description":"Id\u00e9es re\u00e7ues sur le yoga : \"Je ne suis pas assez souple\", \"Trop vieux pour \u00e7a\"... D\u00e9trompez-vous : et si nous changions de regard ?","robots":{"index":"index","follow":"follow","max-snippet":"max-snippet:-1","max-image-preview":"max-image-preview:large","max-video-preview":"max-video-preview:-1"},"canonical":"https:\/\/centredeyoga-lyon-jean-mace.org\/index.php\/2025\/11\/25\/pas-assez-souple-pour-le-yoga-detrompez-vous\/","og_locale":"fr_FR","og_type":"article","og_title":"Pas assez souple pour le yoga? D\u00e9trompez-vous! - Centre de Yoga Lyon Jean Mac\u00e9","og_description":"Id\u00e9es re\u00e7ues sur le yoga : \"Je ne suis pas assez souple\", \"Trop vieux pour \u00e7a\"... D\u00e9trompez-vous : et si nous changions de regard ?","og_url":"https:\/\/centredeyoga-lyon-jean-mace.org\/index.php\/2025\/11\/25\/pas-assez-souple-pour-le-yoga-detrompez-vous\/","og_site_name":"Centre de Yoga Lyon Jean Mac\u00e9","article_publisher":"https:\/\/www.facebook.com\/CentredeYogaLyonJeanMace","article_published_time":"2025-11-25T17:07:04+00:00","article_modified_time":"2025-11-25T17:24:38+00:00","og_image":[{"width":1061,"height":329,"url":"https:\/\/centredeyoga-lyon-jean-mace.org\/wp-content\/uploads\/2025\/11\/Haut-de-page-19.jpg","type":"image\/jpeg"}],"author":"Laurent SIMON","twitter_card":"summary_large_image","twitter_misc":{"\u00c9crit par":"Laurent SIMON","Dur\u00e9e de lecture estim\u00e9e":"2 minutes"},"schema":{"@context":"https:\/\/schema.org","@graph":[{"@type":"Article","@id":"https:\/\/centredeyoga-lyon-jean-mace.org\/index.php\/2025\/11\/25\/pas-assez-souple-pour-le-yoga-detrompez-vous\/#article","isPartOf":{"@id":"https:\/\/centredeyoga-lyon-jean-mace.org\/index.php\/2025\/11\/25\/pas-assez-souple-pour-le-yoga-detrompez-vous\/"},"author":{"name":"Laurent SIMON","@id":"https:\/\/centredeyoga-lyon-jean-mace.org\/#\/schema\/person\/d39e8ef1e435cae4668bb00f436d79ed"},"headline":"Pas assez souple pour le yoga? D\u00e9trompez-vous!","datePublished":"2025-11-25T17:07:04+00:00","dateModified":"2025-11-25T17:24:38+00:00","mainEntityOfPage":{"@id":"https:\/\/centredeyoga-lyon-jean-mace.org\/index.php\/2025\/11\/25\/pas-assez-souple-pour-le-yoga-detrompez-vous\/"},"wordCount":232,"publisher":{"@id":"https:\/\/centredeyoga-lyon-jean-mace.org\/#organization"},"image":{"@id":"https:\/\/centredeyoga-lyon-jean-mace.org\/index.php\/2025\/11\/25\/pas-assez-souple-pour-le-yoga-detrompez-vous\/#primaryimage"},"thumbnailUrl":"https:\/\/centredeyoga-lyon-jean-mace.org\/wp-content\/uploads\/2025\/11\/Haut-de-page-19.jpg","keywords":["Dos","Respect","Sant\u00e9","Souffrance","Yoga"],"articleSection":["Articles"],"inLanguage":"fr-FR"},{"@type":"WebPage","@id":"https:\/\/centredeyoga-lyon-jean-mace.org\/index.php\/2025\/11\/25\/pas-assez-souple-pour-le-yoga-detrompez-vous\/","url":"https:\/\/centredeyoga-lyon-jean-mace.org\/index.php\/2025\/11\/25\/pas-assez-souple-pour-le-yoga-detrompez-vous\/","name":"Pas assez souple pour le yoga? D\u00e9trompez-vous! - Centre de Yoga Lyon Jean Mac\u00e9","isPartOf":{"@id":"https:\/\/centredeyoga-lyon-jean-mace.org\/#website"},"primaryImageOfPage":{"@id":"https:\/\/centredeyoga-lyon-jean-mace.org\/index.php\/2025\/11\/25\/pas-assez-souple-pour-le-yoga-detrompez-vous\/#primaryimage"},"image":{"@id":"https:\/\/centredeyoga-lyon-jean-mace.org\/index.php\/2025\/11\/25\/pas-assez-souple-pour-le-yoga-detrompez-vous\/#primaryimage"},"thumbnailUrl":"https:\/\/centredeyoga-lyon-jean-mace.org\/wp-content\/uploads\/2025\/11\/Haut-de-page-19.jpg","datePublished":"2025-11-25T17:07:04+00:00","dateModified":"2025-11-25T17:24:38+00:00","description":"Id\u00e9es re\u00e7ues sur le yoga : \"Je ne suis pas assez souple\", \"Trop vieux pour \u00e7a\"... D\u00e9trompez-vous : et si nous changions de regard ?","breadcrumb":{"@id":"https:\/\/centredeyoga-lyon-jean-mace.org\/index.php\/2025\/11\/25\/pas-assez-souple-pour-le-yoga-detrompez-vous\/#breadcrumb"},"inLanguage":"fr-FR","potentialAction":[{"@type":"ReadAction","target":["https:\/\/centredeyoga-lyon-jean-mace.org\/index.php\/2025\/11\/25\/pas-assez-souple-pour-le-yoga-detrompez-vous\/"]}]},{"@type":"ImageObject","inLanguage":"fr-FR","@id":"https:\/\/centredeyoga-lyon-jean-mace.org\/index.php\/2025\/11\/25\/pas-assez-souple-pour-le-yoga-detrompez-vous\/#primaryimage","url":"https:\/\/centredeyoga-lyon-jean-mace.org\/wp-content\/uploads\/2025\/11\/Haut-de-page-19.jpg","contentUrl":"https:\/\/centredeyoga-lyon-jean-mace.org\/wp-content\/uploads\/2025\/11\/Haut-de-page-19.jpg","width":1061,"height":329},{"@type":"BreadcrumbList","@id":"https:\/\/centredeyoga-lyon-jean-mace.org\/index.php\/2025\/11\/25\/pas-assez-souple-pour-le-yoga-detrompez-vous\/#breadcrumb","itemListElement":[{"@type":"ListItem","position":1,"name":"Accueil","item":"https:\/\/centredeyoga-lyon-jean-mace.org\/"},{"@type":"ListItem","position":2,"name":"Pas assez souple pour le yoga? D\u00e9trompez-vous!"}]},{"@type":"WebSite","@id":"https:\/\/centredeyoga-lyon-jean-mace.org\/#website","url":"https:\/\/centredeyoga-lyon-jean-mace.org\/","name":"Centre de yoga Lyon Jean Mac\u00e9","description":"Une salle de Yoga au coeur de Lyon","publisher":{"@id":"https:\/\/centredeyoga-lyon-jean-mace.org\/#organization"},"potentialAction":[{"@type":"SearchAction","target":{"@type":"EntryPoint","urlTemplate":"https:\/\/centredeyoga-lyon-jean-mace.org\/?s={search_term_string}"},"query-input":{"@type":"PropertyValueSpecification","valueRequired":true,"valueName":"search_term_string"}}],"inLanguage":"fr-FR"},{"@type":"Organization","@id":"https:\/\/centredeyoga-lyon-jean-mace.org\/#organization","name":"Centre de yoga Lyon Jean Mac\u00e9","url":"https:\/\/centredeyoga-lyon-jean-mace.org\/","logo":{"@type":"ImageObject","inLanguage":"fr-FR","@id":"https:\/\/centredeyoga-lyon-jean-mace.org\/#\/schema\/logo\/image\/","url":"https:\/\/centredeyoga-lyon-jean-mace.org\/wp-content\/uploads\/2021\/06\/Logo-Centre-yoga-LJM-web.png","contentUrl":"https:\/\/centredeyoga-lyon-jean-mace.org\/wp-content\/uploads\/2021\/06\/Logo-Centre-yoga-LJM-web.png","width":500,"height":520,"caption":"Centre de yoga Lyon Jean Mac\u00e9"},"image":{"@id":"https:\/\/centredeyoga-lyon-jean-mace.org\/#\/schema\/logo\/image\/"},"sameAs":["https:\/\/www.facebook.com\/CentredeYogaLyonJeanMace","https:\/\/www.instagram.com\/centredeyogalyonjeanmace\/"]},{"@type":"Person","@id":"https:\/\/centredeyoga-lyon-jean-mace.org\/#\/schema\/person\/d39e8ef1e435cae4668bb00f436d79ed","name":"Laurent SIMON","image":{"@type":"ImageObject","inLanguage":"fr-FR","@id":"https:\/\/secure.gravatar.com\/avatar\/25ce09dc0d7fec4e7e8ea2846a6f25ba6b83b7972459f3732169f326bdc010e1?s=96&d=blank&r=g","url":"https:\/\/secure.gravatar.com\/avatar\/25ce09dc0d7fec4e7e8ea2846a6f25ba6b83b7972459f3732169f326bdc010e1?s=96&d=blank&r=g","contentUrl":"https:\/\/secure.gravatar.com\/avatar\/25ce09dc0d7fec4e7e8ea2846a6f25ba6b83b7972459f3732169f326bdc010e1?s=96&d=blank&r=g","caption":"Laurent SIMON"}}]}},"_links":{"self":[{"href":"https:\/\/centredeyoga-lyon-jean-mace.org\/index.php\/wp-json\/wp\/v2\/posts\/5051","targetHints":{"allow":["GET"]}}],"collection":[{"href":"https:\/\/centredeyoga-lyon-jean-mace.org\/index.php\/wp-json\/wp\/v2\/posts"}],"about":[{"href":"https:\/\/centredeyoga-lyon-jean-mace.org\/index.php\/wp-json\/wp\/v2\/types\/post"}],"author":[{"embeddable":true,"href":"https:\/\/centredeyoga-lyon-jean-mace.org\/index.php\/wp-json\/wp\/v2\/users\/3"}],"replies":[{"embeddable":true,"href":"https:\/\/centredeyoga-lyon-jean-mace.org\/index.php\/wp-json\/wp\/v2\/comments?post=5051"}],"version-history":[{"count":4,"href":"https:\/\/centredeyoga-lyon-jean-mace.org\/index.php\/wp-json\/wp\/v2\/posts\/5051\/revisions"}],"predecessor-version":[{"id":5058,"href":"https:\/\/centredeyoga-lyon-jean-mace.org\/index.php\/wp-json\/wp\/v2\/posts\/5051\/revisions\/5058"}],"wp:featuredmedia":[{"embeddable":true,"href":"https:\/\/centredeyoga-lyon-jean-mace.org\/index.php\/wp-json\/wp\/v2\/media\/4887"}],"wp:attachment":[{"href":"https:\/\/centredeyoga-lyon-jean-mace.org\/index.php\/wp-json\/wp\/v2\/media?parent=5051"}],"wp:term":[{"taxonomy":"category","embeddable":true,"href":"https:\/\/centredeyoga-lyon-jean-mace.org\/index.php\/wp-json\/wp\/v2\/categories?post=5051"},{"taxonomy":"post_tag","embeddable":true,"href":"https:\/\/centredeyoga-lyon-jean-mace.org\/index.php\/wp-json\/wp\/v2\/tags?post=5051"}],"curies":[{"name":"wp","href":"https:\/\/api.w.org\/{rel}","templated":true}]}}