{"id":599,"date":"2017-08-07T16:49:56","date_gmt":"2017-08-07T15:49:56","guid":{"rendered":"http:\/\/centredeyoga-lyon-jean-mace.org\/?p=599"},"modified":"2024-03-09T22:37:16","modified_gmt":"2024-03-09T20:37:16","slug":"599","status":"publish","type":"post","link":"https:\/\/centredeyoga-lyon-jean-mace.org\/index.php\/2017\/08\/07\/599\/","title":{"rendered":"T\u00e9moignage&#8230;"},"content":{"rendered":"\n<p>D&rsquo;abord, ce qui me pla\u00eet dans l\u2019enseignement de l\u2019IFY, et qui rel\u00e8ve de l&rsquo;essence m\u00eame du yoga, tient dans la combinaison entre le corps et l&rsquo;esprit, cette pr\u00e9sence \u00e0 la fois hors du monde et du temps et dans le monde et le temps. L&rsquo;exp\u00e9rience que j&rsquo;ai d\u00e9couverte en exer\u00e7ant, c&rsquo;est-\u00e0-dire ne pas \u00ab\u00a0faire de la gymnastique\u00a0\u00bb, mais se concentrer sur ce qui est \u00e0 l&rsquo;\u0153uvre en pratiquant une gestuelle contr\u00f4l\u00e9e, porter son attention sur ce qui se produit dans le ressenti de soi et des autres, est une source de clairvoyance. Et ces th\u00e9matiques de r\u00e9flexion sur nos vies qui sont propos\u00e9es se mettent au service d&rsquo;un \u00ab\u00a0recul engag\u00e9\u00a0\u00bb f\u00e9cond.<\/p>\n\n\n\n<!--more Lire la suite-->\n\n\n\n<p>Ce travail de discernement auquel nous sommes invit\u00e9s permet de se situer ou re-situer, voire de \u00ab\u00a0restituer\u00a0\u00bb \u00e0 notre environnement ce qu&rsquo;on y puise, dans un \u00e9quilibre qui s&rsquo;invente \u00e0 l&rsquo;appui des supports mis \u00e0 disposition : bien s\u00fbr un lieu, des points d&rsquo;appui physiques, quelques outils, et cette salle de rez-de-chauss\u00e9e ouverte sur la rue, qui bruit de la ville, du ramassage de ses poubelles, comme du babil des passants&#8230; voire de leur chant.<br>Le travail sur la respiration qui nous relie de fa\u00e7on essentielle au c\u0153ur de notre corps, l&rsquo;aspiration s&rsquo;entendant au double sens du souffle de vie, et de notre envie, est une d\u00e9couverte in\u00e9puisable.<\/p>\n\n\n\n<p>L&rsquo;\u00e9tranget\u00e9 des symboles et rep\u00e8res, de cette langue \u00e9trang\u00e8re o\u00f9 les voyelles a et i l&#8217;emportent sur les e de la langue fran\u00e7aise attise la curiosit\u00e9, m\u00eame si notre m\u00e9moire r\u00e9siste&#8230; et si l&rsquo;\u00e9sot\u00e9risme confine parfois \u00e0 une sorte de pens\u00e9e magique.<br>Cette musique se compl\u00e8te des mantras et autres exercices vocaux o\u00f9 nos voix se conjuguent avec la qu\u00eate du souffle juste. Il se cr\u00e9e parfois une atmosph\u00e8re discr\u00e8te de danse avec le groupe.<\/p>\n\n\n\n<p>Quant \u00e0 pratiquer en dehors des orientations stimulantes du professeur, j&rsquo;ai sans doute encore du chemin \u00e0 faire, et je ne suis pas s\u00fbr de produire l&rsquo;effort, car il y en a un, sans quelqu&rsquo;un qui sollicite sans rel\u00e2che le geste et la pens\u00e9e appropri\u00e9s.<\/p>\n\n\n\n<p>L&rsquo;\u00e9l\u00e8ve s&rsquo;\u00e9l\u00e8ve comme explorateur de chemins improbables&#8230;<\/p>\n\n\n\n<p>Michel (\u00e9l\u00e8ve de la salle)<\/p>\n","protected":false},"excerpt":{"rendered":"<p>D&rsquo;abord, ce qui me pla\u00eet dans l\u2019enseignement de l\u2019IFY, et qui rel\u00e8ve de l&rsquo;essence m\u00eame du yoga, tient dans la combinaison entre le corps et l&rsquo;esprit, cette pr\u00e9sence \u00e0 la fois hors du monde et du temps et dans le monde et le temps. L&rsquo;exp\u00e9rience que j&rsquo;ai d\u00e9couverte en exer\u00e7ant, c&rsquo;est-\u00e0-dire ne pas \u00ab\u00a0faire de [&hellip;]<\/p>\n","protected":false},"author":3,"featured_media":600,"comment_status":"closed","ping_status":"open","sticky":false,"template":"","format":"standard","meta":{"_monsterinsights_skip_tracking":false,"_monsterinsights_sitenote_active":false,"_monsterinsights_sitenote_note":"","_monsterinsights_sitenote_category":0,"footnotes":""},"categories":[11],"tags":[21,13],"class_list":["post-599","post","type-post","status-publish","format-standard","has-post-thumbnail","hentry","category-articles","tag-temoignage","tag-yoga","clear"],"yoast_head":"<!-- This site is optimized with the Yoast SEO plugin v27.5 - https:\/\/yoast.com\/product\/yoast-seo-wordpress\/ -->\n<title>T\u00e9moignage... - Centre de Yoga Lyon Jean Mac\u00e9<\/title>\n<meta name=\"robots\" content=\"index, follow, max-snippet:-1, max-image-preview:large, max-video-preview:-1\" \/>\n<link rel=\"canonical\" href=\"https:\/\/centredeyoga-lyon-jean-mace.org\/index.php\/2017\/08\/07\/599\/\" \/>\n<meta property=\"og:locale\" content=\"fr_FR\" \/>\n<meta property=\"og:type\" content=\"article\" \/>\n<meta property=\"og:title\" content=\"T\u00e9moignage... - Centre de Yoga Lyon Jean Mac\u00e9\" \/>\n<meta property=\"og:description\" content=\"D&rsquo;abord, ce qui me pla\u00eet dans l\u2019enseignement de l\u2019IFY, et qui rel\u00e8ve de l&rsquo;essence m\u00eame du yoga, tient dans la combinaison entre le corps et l&rsquo;esprit, cette pr\u00e9sence \u00e0 la fois hors du monde et du temps et dans le monde et le temps. L&rsquo;exp\u00e9rience que j&rsquo;ai d\u00e9couverte en exer\u00e7ant, c&rsquo;est-\u00e0-dire ne pas \u00ab\u00a0faire de [&hellip;]\" \/>\n<meta property=\"og:url\" content=\"https:\/\/centredeyoga-lyon-jean-mace.org\/index.php\/2017\/08\/07\/599\/\" \/>\n<meta property=\"og:site_name\" content=\"Centre de Yoga Lyon Jean Mac\u00e9\" \/>\n<meta property=\"article:publisher\" content=\"https:\/\/www.facebook.com\/CentredeYogaLyonJeanMace\" \/>\n<meta property=\"article:published_time\" content=\"2017-08-07T15:49:56+00:00\" \/>\n<meta property=\"article:modified_time\" content=\"2024-03-09T20:37:16+00:00\" \/>\n<meta property=\"og:image\" content=\"https:\/\/centredeyoga-lyon-jean-mace.org\/wp-content\/uploads\/2017\/08\/woman-s-hand-touching-barbed-wire.png\" \/>\n\t<meta property=\"og:image:width\" content=\"600\" \/>\n\t<meta property=\"og:image:height\" content=\"400\" \/>\n\t<meta property=\"og:image:type\" content=\"image\/png\" \/>\n<meta name=\"author\" content=\"Laurent SIMON\" \/>\n<meta name=\"twitter:card\" content=\"summary_large_image\" \/>\n<meta name=\"twitter:label1\" content=\"\u00c9crit par\" \/>\n\t<meta name=\"twitter:data1\" content=\"Laurent SIMON\" \/>\n\t<meta name=\"twitter:label2\" content=\"Dur\u00e9e de lecture estim\u00e9e\" \/>\n\t<meta name=\"twitter:data2\" content=\"2 minutes\" \/>\n<script type=\"application\/ld+json\" class=\"yoast-schema-graph\">{\"@context\":\"https:\\\/\\\/schema.org\",\"@graph\":[{\"@type\":\"Article\",\"@id\":\"https:\\\/\\\/centredeyoga-lyon-jean-mace.org\\\/index.php\\\/2017\\\/08\\\/07\\\/599\\\/#article\",\"isPartOf\":{\"@id\":\"https:\\\/\\\/centredeyoga-lyon-jean-mace.org\\\/index.php\\\/2017\\\/08\\\/07\\\/599\\\/\"},\"author\":{\"name\":\"Laurent SIMON\",\"@id\":\"https:\\\/\\\/centredeyoga-lyon-jean-mace.org\\\/#\\\/schema\\\/person\\\/d39e8ef1e435cae4668bb00f436d79ed\"},\"headline\":\"T\u00e9moignage&#8230;\",\"datePublished\":\"2017-08-07T15:49:56+00:00\",\"dateModified\":\"2024-03-09T20:37:16+00:00\",\"mainEntityOfPage\":{\"@id\":\"https:\\\/\\\/centredeyoga-lyon-jean-mace.org\\\/index.php\\\/2017\\\/08\\\/07\\\/599\\\/\"},\"wordCount\":409,\"publisher\":{\"@id\":\"https:\\\/\\\/centredeyoga-lyon-jean-mace.org\\\/#organization\"},\"image\":{\"@id\":\"https:\\\/\\\/centredeyoga-lyon-jean-mace.org\\\/index.php\\\/2017\\\/08\\\/07\\\/599\\\/#primaryimage\"},\"thumbnailUrl\":\"https:\\\/\\\/centredeyoga-lyon-jean-mace.org\\\/wp-content\\\/uploads\\\/2017\\\/08\\\/woman-s-hand-touching-barbed-wire.png\",\"keywords\":[\"T\u00e9moignage\",\"Yoga\"],\"articleSection\":[\"Articles\"],\"inLanguage\":\"fr-FR\"},{\"@type\":\"WebPage\",\"@id\":\"https:\\\/\\\/centredeyoga-lyon-jean-mace.org\\\/index.php\\\/2017\\\/08\\\/07\\\/599\\\/\",\"url\":\"https:\\\/\\\/centredeyoga-lyon-jean-mace.org\\\/index.php\\\/2017\\\/08\\\/07\\\/599\\\/\",\"name\":\"T\u00e9moignage... - Centre de Yoga Lyon Jean Mac\u00e9\",\"isPartOf\":{\"@id\":\"https:\\\/\\\/centredeyoga-lyon-jean-mace.org\\\/#website\"},\"primaryImageOfPage\":{\"@id\":\"https:\\\/\\\/centredeyoga-lyon-jean-mace.org\\\/index.php\\\/2017\\\/08\\\/07\\\/599\\\/#primaryimage\"},\"image\":{\"@id\":\"https:\\\/\\\/centredeyoga-lyon-jean-mace.org\\\/index.php\\\/2017\\\/08\\\/07\\\/599\\\/#primaryimage\"},\"thumbnailUrl\":\"https:\\\/\\\/centredeyoga-lyon-jean-mace.org\\\/wp-content\\\/uploads\\\/2017\\\/08\\\/woman-s-hand-touching-barbed-wire.png\",\"datePublished\":\"2017-08-07T15:49:56+00:00\",\"dateModified\":\"2024-03-09T20:37:16+00:00\",\"breadcrumb\":{\"@id\":\"https:\\\/\\\/centredeyoga-lyon-jean-mace.org\\\/index.php\\\/2017\\\/08\\\/07\\\/599\\\/#breadcrumb\"},\"inLanguage\":\"fr-FR\",\"potentialAction\":[{\"@type\":\"ReadAction\",\"target\":[\"https:\\\/\\\/centredeyoga-lyon-jean-mace.org\\\/index.php\\\/2017\\\/08\\\/07\\\/599\\\/\"]}]},{\"@type\":\"ImageObject\",\"inLanguage\":\"fr-FR\",\"@id\":\"https:\\\/\\\/centredeyoga-lyon-jean-mace.org\\\/index.php\\\/2017\\\/08\\\/07\\\/599\\\/#primaryimage\",\"url\":\"https:\\\/\\\/centredeyoga-lyon-jean-mace.org\\\/wp-content\\\/uploads\\\/2017\\\/08\\\/woman-s-hand-touching-barbed-wire.png\",\"contentUrl\":\"https:\\\/\\\/centredeyoga-lyon-jean-mace.org\\\/wp-content\\\/uploads\\\/2017\\\/08\\\/woman-s-hand-touching-barbed-wire.png\",\"width\":600,\"height\":400},{\"@type\":\"BreadcrumbList\",\"@id\":\"https:\\\/\\\/centredeyoga-lyon-jean-mace.org\\\/index.php\\\/2017\\\/08\\\/07\\\/599\\\/#breadcrumb\",\"itemListElement\":[{\"@type\":\"ListItem\",\"position\":1,\"name\":\"Accueil\",\"item\":\"https:\\\/\\\/centredeyoga-lyon-jean-mace.org\\\/\"},{\"@type\":\"ListItem\",\"position\":2,\"name\":\"T\u00e9moignage&#8230;\"}]},{\"@type\":\"WebSite\",\"@id\":\"https:\\\/\\\/centredeyoga-lyon-jean-mace.org\\\/#website\",\"url\":\"https:\\\/\\\/centredeyoga-lyon-jean-mace.org\\\/\",\"name\":\"Centre de yoga Lyon Jean Mac\u00e9\",\"description\":\"Une salle de Yoga au coeur de Lyon\",\"publisher\":{\"@id\":\"https:\\\/\\\/centredeyoga-lyon-jean-mace.org\\\/#organization\"},\"potentialAction\":[{\"@type\":\"SearchAction\",\"target\":{\"@type\":\"EntryPoint\",\"urlTemplate\":\"https:\\\/\\\/centredeyoga-lyon-jean-mace.org\\\/?s={search_term_string}\"},\"query-input\":{\"@type\":\"PropertyValueSpecification\",\"valueRequired\":true,\"valueName\":\"search_term_string\"}}],\"inLanguage\":\"fr-FR\"},{\"@type\":\"Organization\",\"@id\":\"https:\\\/\\\/centredeyoga-lyon-jean-mace.org\\\/#organization\",\"name\":\"Centre de yoga Lyon Jean Mac\u00e9\",\"url\":\"https:\\\/\\\/centredeyoga-lyon-jean-mace.org\\\/\",\"logo\":{\"@type\":\"ImageObject\",\"inLanguage\":\"fr-FR\",\"@id\":\"https:\\\/\\\/centredeyoga-lyon-jean-mace.org\\\/#\\\/schema\\\/logo\\\/image\\\/\",\"url\":\"https:\\\/\\\/centredeyoga-lyon-jean-mace.org\\\/wp-content\\\/uploads\\\/2021\\\/06\\\/Logo-Centre-yoga-LJM-web.png\",\"contentUrl\":\"https:\\\/\\\/centredeyoga-lyon-jean-mace.org\\\/wp-content\\\/uploads\\\/2021\\\/06\\\/Logo-Centre-yoga-LJM-web.png\",\"width\":500,\"height\":520,\"caption\":\"Centre de yoga Lyon Jean Mac\u00e9\"},\"image\":{\"@id\":\"https:\\\/\\\/centredeyoga-lyon-jean-mace.org\\\/#\\\/schema\\\/logo\\\/image\\\/\"},\"sameAs\":[\"https:\\\/\\\/www.facebook.com\\\/CentredeYogaLyonJeanMace\",\"https:\\\/\\\/www.instagram.com\\\/centredeyogalyonjeanmace\\\/\"]},{\"@type\":\"Person\",\"@id\":\"https:\\\/\\\/centredeyoga-lyon-jean-mace.org\\\/#\\\/schema\\\/person\\\/d39e8ef1e435cae4668bb00f436d79ed\",\"name\":\"Laurent SIMON\",\"image\":{\"@type\":\"ImageObject\",\"inLanguage\":\"fr-FR\",\"@id\":\"https:\\\/\\\/secure.gravatar.com\\\/avatar\\\/25ce09dc0d7fec4e7e8ea2846a6f25ba6b83b7972459f3732169f326bdc010e1?s=96&d=blank&r=g\",\"url\":\"https:\\\/\\\/secure.gravatar.com\\\/avatar\\\/25ce09dc0d7fec4e7e8ea2846a6f25ba6b83b7972459f3732169f326bdc010e1?s=96&d=blank&r=g\",\"contentUrl\":\"https:\\\/\\\/secure.gravatar.com\\\/avatar\\\/25ce09dc0d7fec4e7e8ea2846a6f25ba6b83b7972459f3732169f326bdc010e1?s=96&d=blank&r=g\",\"caption\":\"Laurent SIMON\"}}]}<\/script>\n<!-- \/ Yoast SEO plugin. -->","yoast_head_json":{"title":"T\u00e9moignage... - Centre de Yoga Lyon Jean Mac\u00e9","robots":{"index":"index","follow":"follow","max-snippet":"max-snippet:-1","max-image-preview":"max-image-preview:large","max-video-preview":"max-video-preview:-1"},"canonical":"https:\/\/centredeyoga-lyon-jean-mace.org\/index.php\/2017\/08\/07\/599\/","og_locale":"fr_FR","og_type":"article","og_title":"T\u00e9moignage... - Centre de Yoga Lyon Jean Mac\u00e9","og_description":"D&rsquo;abord, ce qui me pla\u00eet dans l\u2019enseignement de l\u2019IFY, et qui rel\u00e8ve de l&rsquo;essence m\u00eame du yoga, tient dans la combinaison entre le corps et l&rsquo;esprit, cette pr\u00e9sence \u00e0 la fois hors du monde et du temps et dans le monde et le temps. L&rsquo;exp\u00e9rience que j&rsquo;ai d\u00e9couverte en exer\u00e7ant, c&rsquo;est-\u00e0-dire ne pas \u00ab\u00a0faire de [&hellip;]","og_url":"https:\/\/centredeyoga-lyon-jean-mace.org\/index.php\/2017\/08\/07\/599\/","og_site_name":"Centre de Yoga Lyon Jean Mac\u00e9","article_publisher":"https:\/\/www.facebook.com\/CentredeYogaLyonJeanMace","article_published_time":"2017-08-07T15:49:56+00:00","article_modified_time":"2024-03-09T20:37:16+00:00","og_image":[{"width":600,"height":400,"url":"https:\/\/centredeyoga-lyon-jean-mace.org\/wp-content\/uploads\/2017\/08\/woman-s-hand-touching-barbed-wire.png","type":"image\/png"}],"author":"Laurent SIMON","twitter_card":"summary_large_image","twitter_misc":{"\u00c9crit par":"Laurent SIMON","Dur\u00e9e de lecture estim\u00e9e":"2 minutes"},"schema":{"@context":"https:\/\/schema.org","@graph":[{"@type":"Article","@id":"https:\/\/centredeyoga-lyon-jean-mace.org\/index.php\/2017\/08\/07\/599\/#article","isPartOf":{"@id":"https:\/\/centredeyoga-lyon-jean-mace.org\/index.php\/2017\/08\/07\/599\/"},"author":{"name":"Laurent SIMON","@id":"https:\/\/centredeyoga-lyon-jean-mace.org\/#\/schema\/person\/d39e8ef1e435cae4668bb00f436d79ed"},"headline":"T\u00e9moignage&#8230;","datePublished":"2017-08-07T15:49:56+00:00","dateModified":"2024-03-09T20:37:16+00:00","mainEntityOfPage":{"@id":"https:\/\/centredeyoga-lyon-jean-mace.org\/index.php\/2017\/08\/07\/599\/"},"wordCount":409,"publisher":{"@id":"https:\/\/centredeyoga-lyon-jean-mace.org\/#organization"},"image":{"@id":"https:\/\/centredeyoga-lyon-jean-mace.org\/index.php\/2017\/08\/07\/599\/#primaryimage"},"thumbnailUrl":"https:\/\/centredeyoga-lyon-jean-mace.org\/wp-content\/uploads\/2017\/08\/woman-s-hand-touching-barbed-wire.png","keywords":["T\u00e9moignage","Yoga"],"articleSection":["Articles"],"inLanguage":"fr-FR"},{"@type":"WebPage","@id":"https:\/\/centredeyoga-lyon-jean-mace.org\/index.php\/2017\/08\/07\/599\/","url":"https:\/\/centredeyoga-lyon-jean-mace.org\/index.php\/2017\/08\/07\/599\/","name":"T\u00e9moignage... - Centre de Yoga Lyon Jean Mac\u00e9","isPartOf":{"@id":"https:\/\/centredeyoga-lyon-jean-mace.org\/#website"},"primaryImageOfPage":{"@id":"https:\/\/centredeyoga-lyon-jean-mace.org\/index.php\/2017\/08\/07\/599\/#primaryimage"},"image":{"@id":"https:\/\/centredeyoga-lyon-jean-mace.org\/index.php\/2017\/08\/07\/599\/#primaryimage"},"thumbnailUrl":"https:\/\/centredeyoga-lyon-jean-mace.org\/wp-content\/uploads\/2017\/08\/woman-s-hand-touching-barbed-wire.png","datePublished":"2017-08-07T15:49:56+00:00","dateModified":"2024-03-09T20:37:16+00:00","breadcrumb":{"@id":"https:\/\/centredeyoga-lyon-jean-mace.org\/index.php\/2017\/08\/07\/599\/#breadcrumb"},"inLanguage":"fr-FR","potentialAction":[{"@type":"ReadAction","target":["https:\/\/centredeyoga-lyon-jean-mace.org\/index.php\/2017\/08\/07\/599\/"]}]},{"@type":"ImageObject","inLanguage":"fr-FR","@id":"https:\/\/centredeyoga-lyon-jean-mace.org\/index.php\/2017\/08\/07\/599\/#primaryimage","url":"https:\/\/centredeyoga-lyon-jean-mace.org\/wp-content\/uploads\/2017\/08\/woman-s-hand-touching-barbed-wire.png","contentUrl":"https:\/\/centredeyoga-lyon-jean-mace.org\/wp-content\/uploads\/2017\/08\/woman-s-hand-touching-barbed-wire.png","width":600,"height":400},{"@type":"BreadcrumbList","@id":"https:\/\/centredeyoga-lyon-jean-mace.org\/index.php\/2017\/08\/07\/599\/#breadcrumb","itemListElement":[{"@type":"ListItem","position":1,"name":"Accueil","item":"https:\/\/centredeyoga-lyon-jean-mace.org\/"},{"@type":"ListItem","position":2,"name":"T\u00e9moignage&#8230;"}]},{"@type":"WebSite","@id":"https:\/\/centredeyoga-lyon-jean-mace.org\/#website","url":"https:\/\/centredeyoga-lyon-jean-mace.org\/","name":"Centre de yoga Lyon Jean Mac\u00e9","description":"Une salle de Yoga au coeur de Lyon","publisher":{"@id":"https:\/\/centredeyoga-lyon-jean-mace.org\/#organization"},"potentialAction":[{"@type":"SearchAction","target":{"@type":"EntryPoint","urlTemplate":"https:\/\/centredeyoga-lyon-jean-mace.org\/?s={search_term_string}"},"query-input":{"@type":"PropertyValueSpecification","valueRequired":true,"valueName":"search_term_string"}}],"inLanguage":"fr-FR"},{"@type":"Organization","@id":"https:\/\/centredeyoga-lyon-jean-mace.org\/#organization","name":"Centre de yoga Lyon Jean Mac\u00e9","url":"https:\/\/centredeyoga-lyon-jean-mace.org\/","logo":{"@type":"ImageObject","inLanguage":"fr-FR","@id":"https:\/\/centredeyoga-lyon-jean-mace.org\/#\/schema\/logo\/image\/","url":"https:\/\/centredeyoga-lyon-jean-mace.org\/wp-content\/uploads\/2021\/06\/Logo-Centre-yoga-LJM-web.png","contentUrl":"https:\/\/centredeyoga-lyon-jean-mace.org\/wp-content\/uploads\/2021\/06\/Logo-Centre-yoga-LJM-web.png","width":500,"height":520,"caption":"Centre de yoga Lyon Jean Mac\u00e9"},"image":{"@id":"https:\/\/centredeyoga-lyon-jean-mace.org\/#\/schema\/logo\/image\/"},"sameAs":["https:\/\/www.facebook.com\/CentredeYogaLyonJeanMace","https:\/\/www.instagram.com\/centredeyogalyonjeanmace\/"]},{"@type":"Person","@id":"https:\/\/centredeyoga-lyon-jean-mace.org\/#\/schema\/person\/d39e8ef1e435cae4668bb00f436d79ed","name":"Laurent SIMON","image":{"@type":"ImageObject","inLanguage":"fr-FR","@id":"https:\/\/secure.gravatar.com\/avatar\/25ce09dc0d7fec4e7e8ea2846a6f25ba6b83b7972459f3732169f326bdc010e1?s=96&d=blank&r=g","url":"https:\/\/secure.gravatar.com\/avatar\/25ce09dc0d7fec4e7e8ea2846a6f25ba6b83b7972459f3732169f326bdc010e1?s=96&d=blank&r=g","contentUrl":"https:\/\/secure.gravatar.com\/avatar\/25ce09dc0d7fec4e7e8ea2846a6f25ba6b83b7972459f3732169f326bdc010e1?s=96&d=blank&r=g","caption":"Laurent SIMON"}}]}},"_links":{"self":[{"href":"https:\/\/centredeyoga-lyon-jean-mace.org\/index.php\/wp-json\/wp\/v2\/posts\/599","targetHints":{"allow":["GET"]}}],"collection":[{"href":"https:\/\/centredeyoga-lyon-jean-mace.org\/index.php\/wp-json\/wp\/v2\/posts"}],"about":[{"href":"https:\/\/centredeyoga-lyon-jean-mace.org\/index.php\/wp-json\/wp\/v2\/types\/post"}],"author":[{"embeddable":true,"href":"https:\/\/centredeyoga-lyon-jean-mace.org\/index.php\/wp-json\/wp\/v2\/users\/3"}],"replies":[{"embeddable":true,"href":"https:\/\/centredeyoga-lyon-jean-mace.org\/index.php\/wp-json\/wp\/v2\/comments?post=599"}],"version-history":[{"count":0,"href":"https:\/\/centredeyoga-lyon-jean-mace.org\/index.php\/wp-json\/wp\/v2\/posts\/599\/revisions"}],"wp:featuredmedia":[{"embeddable":true,"href":"https:\/\/centredeyoga-lyon-jean-mace.org\/index.php\/wp-json\/wp\/v2\/media\/600"}],"wp:attachment":[{"href":"https:\/\/centredeyoga-lyon-jean-mace.org\/index.php\/wp-json\/wp\/v2\/media?parent=599"}],"wp:term":[{"taxonomy":"category","embeddable":true,"href":"https:\/\/centredeyoga-lyon-jean-mace.org\/index.php\/wp-json\/wp\/v2\/categories?post=599"},{"taxonomy":"post_tag","embeddable":true,"href":"https:\/\/centredeyoga-lyon-jean-mace.org\/index.php\/wp-json\/wp\/v2\/tags?post=599"}],"curies":[{"name":"wp","href":"https:\/\/api.w.org\/{rel}","templated":true}]}}